{"id":2,"name":"AS Finanz","url":"","description":"","link":"https:\/\/www.asfinanz.ch\/it\/author\/kreditadmin\/","slug":"kreditadmin","avatar_urls":{"24":"https:\/\/secure.gravatar.com\/avatar\/dac95ee9533821b5e41f5f9100a68538?s=24&d=mm&r=g","48":"https:\/\/secure.gravatar.com\/avatar\/dac95ee9533821b5e41f5f9100a68538?s=48&d=mm&r=g","96":"https:\/\/secure.gravatar.com\/avatar\/dac95ee9533821b5e41f5f9100a68538?s=96&d=mm&r=g"},"meta":[],"yoast_head":"<!-- This site is optimized with the Yoast SEO plugin v23.5 - https:\/\/yoast.com\/wordpress\/plugins\/seo\/ -->\n<title>AS Finanz, Autor bei AS Finanz GmbH<\/title>\n<meta name=\"robots\" content=\"index, follow, max-snippet:-1, max-image-preview:large, max-video-preview:-1\" \/>\n<link rel=\"canonical\" href=\"https:\/\/www.asfinanz.ch\/de\/author\/kreditadmin\/\" \/>\n<meta property=\"og:locale\" content=\"it_IT\" \/>\n<meta property=\"og:type\" content=\"profile\" \/>\n<meta property=\"og:title\" content=\"AS Finanz, Autor bei AS Finanz GmbH\" \/>\n<meta property=\"og:url\" content=\"https:\/\/www.asfinanz.ch\/de\/author\/kreditadmin\/\" \/>\n<meta property=\"og:site_name\" content=\"AS Finanz GmbH\" \/>\n<meta property=\"og:image\" content=\"https:\/\/secure.gravatar.com\/avatar\/dac95ee9533821b5e41f5f9100a68538?s=500&d=mm&r=g\" \/>\n<meta name=\"twitter:card\" content=\"summary_large_image\" \/>\n<meta name=\"twitter:site\" content=\"@asfinanz\" \/>\n<script type=\"application\/ld+json\" class=\"yoast-schema-graph\">{\"@context\":\"https:\/\/schema.org\",\"@graph\":[{\"@type\":\"ProfilePage\",\"@id\":\"https:\/\/www.asfinanz.ch\/de\/author\/kreditadmin\/\",\"url\":\"https:\/\/www.asfinanz.ch\/de\/author\/kreditadmin\/\",\"name\":\"AS Finanz, Autor bei AS Finanz GmbH\",\"isPartOf\":{\"@id\":\"https:\/\/www.asfinanz.ch\/de\/#website\"},\"breadcrumb\":{\"@id\":\"https:\/\/www.asfinanz.ch\/de\/author\/kreditadmin\/#breadcrumb\"},\"inLanguage\":\"it-IT\",\"potentialAction\":[{\"@type\":\"ReadAction\",\"target\":[\"https:\/\/www.asfinanz.ch\/de\/author\/kreditadmin\/\"]}]},{\"@type\":\"BreadcrumbList\",\"@id\":\"https:\/\/www.asfinanz.ch\/de\/author\/kreditadmin\/#breadcrumb\",\"itemListElement\":[{\"@type\":\"ListItem\",\"position\":1,\"name\":\"Startseite\",\"item\":\"https:\/\/www.asfinanz.ch\/de\/\"},{\"@type\":\"ListItem\",\"position\":2,\"name\":\"Archive f\u00fcr AS Finanz\"}]},{\"@type\":\"WebSite\",\"@id\":\"https:\/\/www.asfinanz.ch\/de\/#website\",\"url\":\"https:\/\/www.asfinanz.ch\/de\/\",\"name\":\"asfinanz.ch\",\"description\":\"Die AS Finanz GmbH, gegr\u00fcndet im Jahr 2006, geh\u00f6rt heute zu den f\u00fchrenden Vermittlern von g\u00fcnstigen Privatkrediten in der Schweiz.\",\"publisher\":{\"@id\":\"https:\/\/www.asfinanz.ch\/de\/#organization\"},\"potentialAction\":[{\"@type\":\"SearchAction\",\"target\":{\"@type\":\"EntryPoint\",\"urlTemplate\":\"https:\/\/www.asfinanz.ch\/de\/?s={search_term_string}\"},\"query-input\":{\"@type\":\"PropertyValueSpecification\",\"valueRequired\":true,\"valueName\":\"search_term_string\"}}],\"inLanguage\":\"it-IT\"},{\"@type\":\"Organization\",\"@id\":\"https:\/\/www.asfinanz.ch\/de\/#organization\",\"name\":\"asfinanz.ch\",\"url\":\"https:\/\/www.asfinanz.ch\/de\/\",\"logo\":{\"@type\":\"ImageObject\",\"inLanguage\":\"it-IT\",\"@id\":\"https:\/\/www.asfinanz.ch\/de\/#\/schema\/logo\/image\/\",\"url\":\"https:\/\/www.asfinanz.ch\/wp-content\/uploads\/2022\/12\/asfinanz_logo_WEB.png\",\"contentUrl\":\"https:\/\/www.asfinanz.ch\/wp-content\/uploads\/2022\/12\/asfinanz_logo_WEB.png\",\"width\":830,\"height\":285,\"caption\":\"asfinanz.ch\"},\"image\":{\"@id\":\"https:\/\/www.asfinanz.ch\/de\/#\/schema\/logo\/image\/\"},\"sameAs\":[\"https:\/\/www.facebook.com\/barkredit\",\"https:\/\/x.com\/asfinanz\",\"https:\/\/vimeo.com\/user36842987\"]},{\"@type\":\"Person\",\"@id\":\"https:\/\/www.asfinanz.ch\/de\/#\/schema\/person\/4185570297f1e92a2f4e47592d4d8c31\",\"name\":\"AS Finanz\",\"image\":{\"@type\":\"ImageObject\",\"inLanguage\":\"it-IT\",\"@id\":\"https:\/\/www.asfinanz.ch\/de\/#\/schema\/person\/image\/\",\"url\":\"https:\/\/secure.gravatar.com\/avatar\/dac95ee9533821b5e41f5f9100a68538?s=96&d=mm&r=g\",\"contentUrl\":\"https:\/\/secure.gravatar.com\/avatar\/dac95ee9533821b5e41f5f9100a68538?s=96&d=mm&r=g\",\"caption\":\"AS Finanz\"},\"mainEntityOfPage\":{\"@id\":\"https:\/\/www.asfinanz.ch\/de\/author\/kreditadmin\/\"}}]}<\/script>\n<!-- \/ Yoast SEO plugin. -->","yoast_head_json":{"title":"AS Finanz, Autor bei AS Finanz GmbH","robots":{"index":"index","follow":"follow","max-snippet":"max-snippet:-1","max-image-preview":"max-image-preview:large","max-video-preview":"max-video-preview:-1"},"canonical":"https:\/\/www.asfinanz.ch\/de\/author\/kreditadmin\/","og_locale":"it_IT","og_type":"profile","og_title":"AS Finanz, Autor bei AS Finanz GmbH","og_url":"https:\/\/www.asfinanz.ch\/de\/author\/kreditadmin\/","og_site_name":"AS Finanz GmbH","og_image":[{"url":"https:\/\/secure.gravatar.com\/avatar\/dac95ee9533821b5e41f5f9100a68538?s=500&d=mm&r=g"}],"twitter_card":"summary_large_image","twitter_site":"@asfinanz","schema":{"@context":"https:\/\/schema.org","@graph":[{"@type":"ProfilePage","@id":"https:\/\/www.asfinanz.ch\/de\/author\/kreditadmin\/","url":"https:\/\/www.asfinanz.ch\/de\/author\/kreditadmin\/","name":"AS Finanz, Autor bei AS Finanz GmbH","isPartOf":{"@id":"https:\/\/www.asfinanz.ch\/de\/#website"},"breadcrumb":{"@id":"https:\/\/www.asfinanz.ch\/de\/author\/kreditadmin\/#breadcrumb"},"inLanguage":"it-IT","potentialAction":[{"@type":"ReadAction","target":["https:\/\/www.asfinanz.ch\/de\/author\/kreditadmin\/"]}]},{"@type":"BreadcrumbList","@id":"https:\/\/www.asfinanz.ch\/de\/author\/kreditadmin\/#breadcrumb","itemListElement":[{"@type":"ListItem","position":1,"name":"Startseite","item":"https:\/\/www.asfinanz.ch\/de\/"},{"@type":"ListItem","position":2,"name":"Archive f\u00fcr AS Finanz"}]},{"@type":"WebSite","@id":"https:\/\/www.asfinanz.ch\/de\/#website","url":"https:\/\/www.asfinanz.ch\/de\/","name":"asfinanz.ch","description":"Die AS Finanz GmbH, gegr\u00fcndet im Jahr 2006, geh\u00f6rt heute zu den f\u00fchrenden Vermittlern von g\u00fcnstigen Privatkrediten in der Schweiz.","publisher":{"@id":"https:\/\/www.asfinanz.ch\/de\/#organization"},"potentialAction":[{"@type":"SearchAction","target":{"@type":"EntryPoint","urlTemplate":"https:\/\/www.asfinanz.ch\/de\/?s={search_term_string}"},"query-input":{"@type":"PropertyValueSpecification","valueRequired":true,"valueName":"search_term_string"}}],"inLanguage":"it-IT"},{"@type":"Organization","@id":"https:\/\/www.asfinanz.ch\/de\/#organization","name":"asfinanz.ch","url":"https:\/\/www.asfinanz.ch\/de\/","logo":{"@type":"ImageObject","inLanguage":"it-IT","@id":"https:\/\/www.asfinanz.ch\/de\/#\/schema\/logo\/image\/","url":"https:\/\/www.asfinanz.ch\/wp-content\/uploads\/2022\/12\/asfinanz_logo_WEB.png","contentUrl":"https:\/\/www.asfinanz.ch\/wp-content\/uploads\/2022\/12\/asfinanz_logo_WEB.png","width":830,"height":285,"caption":"asfinanz.ch"},"image":{"@id":"https:\/\/www.asfinanz.ch\/de\/#\/schema\/logo\/image\/"},"sameAs":["https:\/\/www.facebook.com\/barkredit","https:\/\/x.com\/asfinanz","https:\/\/vimeo.com\/user36842987"]},{"@type":"Person","@id":"https:\/\/www.asfinanz.ch\/de\/#\/schema\/person\/4185570297f1e92a2f4e47592d4d8c31","name":"AS Finanz","image":{"@type":"ImageObject","inLanguage":"it-IT","@id":"https:\/\/www.asfinanz.ch\/de\/#\/schema\/person\/image\/","url":"https:\/\/secure.gravatar.com\/avatar\/dac95ee9533821b5e41f5f9100a68538?s=96&d=mm&r=g","contentUrl":"https:\/\/secure.gravatar.com\/avatar\/dac95ee9533821b5e41f5f9100a68538?s=96&d=mm&r=g","caption":"AS Finanz"},"mainEntityOfPage":{"@id":"https:\/\/www.asfinanz.ch\/de\/author\/kreditadmin\/"}}]}},"_links":{"self":[{"href":"https:\/\/www.asfinanz.ch\/it\/wp-json\/wp\/v2\/users\/2"}],"collection":[{"href":"https:\/\/www.asfinanz.ch\/it\/wp-json\/wp\/v2\/users"}]}}